{"id":389,"date":"2019-02-01T10:09:39","date_gmt":"2019-02-01T08:09:39","guid":{"rendered":"http:\/\/roedermark-examiner.de\/?p=389"},"modified":"2021-01-17T22:17:29","modified_gmt":"2021-01-17T20:17:29","slug":"massnahme-zur-emotionalen-luftreinhaltung-strassen-in-roedermark-werden-umbenannt","status":"publish","type":"post","link":"https:\/\/www.roedermark-examiner.de\/?p=389","title":{"rendered":"N\u00e4chster Schwedenhammer: Nach VOLVO nun auch Tempolimit bei IKEA"},"content":{"rendered":"<p><figure id=\"attachment_407\" aria-describedby=\"caption-attachment-407\" style=\"width: 619px\" class=\"wp-caption aligncenter\"><a href=\"https:\/\/www.roedermark-examiner.de\/Paper\/2019\/Tempolimit_05-03-2019.pdf\" target=\"_blank\" rel=\"noopener noreferrer\"><img loading=\"lazy\" decoding=\"async\" src=\"https:\/\/www.roedermark-examiner.de\/wp-content\/uploads\/2019\/02\/Tempolimit.jpg\" alt=\"Tempolimit auch bei IKEA\" width=\"619\" height=\"451\" class=\"size-full wp-image-407\" srcset=\"https:\/\/www.roedermark-examiner.de\/wp-content\/uploads\/2019\/02\/Tempolimit.jpg 619w, https:\/\/www.roedermark-examiner.de\/wp-content\/uploads\/2019\/02\/Tempolimit-300x219.jpg 300w\" sizes=\"auto, (max-width: 619px) 100vw, 619px\" \/><\/a><figcaption id=\"caption-attachment-407\" class=\"wp-caption-text\">Tempolimit auch bei IKEA<\/figcaption><\/figure><br \/>\n\ud83d\udca1 Ganze .PDF Datei ansehen.<br \/>\n<a title=\"Ma\u00dfnahme zur emotionalen Luftreinhaltung: Stra\u00dfen in R\u00f6dermark werden umbenannt.\" href=\"https:\/\/www.roedermark-examiner.de\/Paper\/2019\/Tempolimit_05-03-2019.pdf\" target=\"_blank\" rel=\"noopener noreferrer\"><strong>Hier k\u00f6nnen Sie den ganzen Newsletter im .PDF-Format lesen.<\/strong><\/a><br \/>\n&nbsp;<br \/>\n<!--more--><\/p>\n<p style=\"text-align: center;\">N\u00e4chster Schwedenhammer: Nach VOLVO nun auch Tempolimit bei IKEA<\/p>\n<p style=\"text-align: justify;\"><strong>Von Alfons Gotta-Schrod <\/strong><br \/>\nS\u00e4mtliche automobilen Artikel ab 2020 nur noch mit limitierter (120 km\/h) H\u00f6chstgeschwindigkeit<br \/>\nDie medialen Wogen \u00fcber die Ank\u00fcndigung des schwedischen Autoherstellers VOLVO, ab 2020 nur noch Autos mit einer eingebauten und auf 180 km\/h limitierten H\u00f6chstgeschwindigkeit auszuliefern, sind noch nicht abgeebbt, da legt der n\u00e4chste schwedische Konzern nach: M\u00f6belgigant IKEA k\u00fcndigte gestern im Rahmen einer Pressekonferenz im Stammhaus in nordschwedischen Thunberg an, zum Katalogwechsel 2020 weltweit (!) s\u00e4mtliche automobilen Spielzeuge und alle zugeh\u00f6rigen bereiften Komponenten sowie auch Ersatzteile nur noch mit einer ab Werk limitierten H\u00f6chstgeschwindigkeit von 120 km\/h auszuliefern. Erstmal aufatmen k\u00f6nnen Erwerber\/-innen der bisherigen automobilen Produktlinien, denn den Support f\u00fcr vorher verkaufte Ware ohne bauartbedingtes Tempolimit werde IKEA bis 2022 nahtlos fortf\u00fchren.<\/p>\n<p style=\"text-align: justify;\">W\u00e4hrend VOLVO zur Begr\u00fcndung des selbstgemachten Tempolimits auch ma\u00dfgeblich auf das Thema \u201eSicherheit\u201c setzt, fokussiert sich IKEA \u2013 speziell auch mit Blick auf die im Vergleich zu VOLVO (180 km\/h) noch viel drastischeren Geschwindigkeitsbegrenzung auf 120 km\/h \u2013 ganz klar auf Klimaschutz und Erderw\u00e4rmung. IKEA-Gesch\u00e4ftsf\u00fchrerin Gr\u00e4ta-Bergthun S\u00fcerstr\u00f6mmning teilte auf Anfrage des \u201aR\u00f6dermark Examiner\u2018 mit, das M\u00f6bel- und Einrichtungshaus wolle durch die selbst auferlegte H\u00f6chstgeschwindigkeit f\u00fcr automobile Produkte in Sachen \u201eKlimaschutz durch Tempolimit\u201c eine globale Vorreiter- und Pionierrolle einnehmen. Daher geht IKEA neben dem bauartbedingten Tempolimit noch einen Schritt weiter und liefert die beliebte Tankstelle \u201eLILLABO\u201c ab 2020 nicht mehr mit Superbenzin, sondern ausschlie\u00dflich nur noch mit E10 Sprit aus. Der zugeh\u00f6rige Abschleppwagen wird aufgrund technischer Schwierigkeiten zuerst als Hybrid ausgeliefert und voraussichtlich ab 2026 mit reinem Wasserstoffantrieb \u2013 die Raumluft im Kinderzimmer wird es nachhaltig danken. Ob \u201eLILLABO\u201c zu diesem Zeitpunkt auch zur reinen Wasserstofftankstelle wird, wollte IKEA Chefin Gr\u00e4ta-Bergthun S\u00fcerstr\u00f6mmning noch nicht verraten.<\/p>\n<p style=\"text-align: justify;\">Aus gewohnt gut informierten Kreisen hat der \u201aR\u00f6dermark Examiner\u2018 erfahren, dass es sich bei der paukenschlagartigen \u201eTempolimit\u201c-Ank\u00fcndigung von IKEA nicht nur um ein reines Lippenbekenntnis handelt, sondern mehrere Produktionslinien bereits erfolgreich auf die neue, bauartbedingte H\u00f6chstgeschwindigkeit umgestellt wurden, damit ab 2020 alle fast 400 Filialen weltweit ihr automobiles Produktportfolio nahtlos und ohne Lieferverzug klimasch\u00fctzend umstellen k\u00f6nnen. Zuerst modifiziert auf die neue maximale H\u00f6chstgeschwindigkeit von 120 km\/h wurden demnach der Spielzeugwagen \u201eFLISAT\u201c und der Kran \u201eMULA\u201c. Welche automobilen Produkte des schwedischen M\u00f6belgiganten danach in die Bauartumstellung gehen sollen, ist bis dato noch nicht bekannt.<\/p>\n<p style=\"text-align: justify;\">Durchaus \u00fcberrascht vom schwedischen Tempolimit-Hammer fallen die ersten Statements aus Politik und Verb\u00e4nden dazu erwartungsgem\u00e4\u00df sehr heterogen aus. Aus dem Bundesverkehrsministerium wurde geleakt, dass Uneinigkeit dar\u00fcber bestehe, ob s\u00e4mtliche neuen Tempolimit-Modelle von IKEA generell \u00fcber die normale PKW Maut abgerechnet werden k\u00f6nnten, oder ob speziell Kran \u201eMULA\u201c nicht vielmehr als LKW bemautet werden m\u00fcsse. Ob allerdings die g\u00e4ngige \u201eOn-Board Unit\u201c von Toll Collect hier entsprechend Verwendung finden kann, ist derzeit noch v\u00f6llig offen. Der ADAC plant seinerseits vor einer thematischen Stellungnahme dazu die Einf\u00fchrung eines neuen Autopreises, den \u201eGr\u00fcnen Engel im gelben BILLY Regal\u201c, welcher durch eine wissenschaftliche fundierte Umfrage in der eigenen Mitgliederzeitung \u201eADAC Motorwelt\u201c ein repr\u00e4sentatives und v\u00f6llig objektives Meinungsbild hervorbringen soll. Die Deutsche Umwelthilfe (DUH) warnt IKEA bereits vorsorglich, im neuen Katalog 2020 alle wesentlichen Verbrauchs- und Abgasdetails betreffend die neuen automobilen \u201eTempolimit\u201c-Produkte &#8211; insbesondere dabei die Frage der Abgasnorm Euro 6d-Temp und der WLTP-Zertifizierung &#8211; l\u00fcckenlos auszuweisen, um eine sofortige, teure Abmahnung durch die DUH zu vermeiden &#8211; wobei dies nat\u00fcrlich trotzdem nicht gewinnbringend ausgeschlossen wird.<\/p>\n<p style=\"text-align: justify;\">Angesichts dieser durchaus mutigen Vorst\u00f6\u00dfe von VOLVO und IKEA darf man gespannt sein, welche andere Konzerne hier wann und mit welchen Ideen nachziehen werden \u2013 der \u201aR\u00f6dermark Examiner\u2018 wird gewohnt schonungslos-investigativ dranbleiben und aus erster Hand berichten.<br \/>\nEs gibt beim Klimaschutz zweifelsohne noch einen ganz gro\u00dfen Berg zu Thun.<\/p>\n<p>&nbsp;<\/p>\n<p style=\"text-align: center;\"><strong>Im M\u00e4rz 2021 ist Kommunalwahl.<br \/>\n<a href=\"https:\/\/www.fdp-roedermark\/Kommunalwahl\" rel=\"noopener\" target=\"_blank\">Hier mehr zur Kommunalwahl 2021 im Kreis Offenbach<\/a><\/strong><\/p>\n<p>&raquo; <a href=\"https:\/\/www.umdenken-in-roedermark.de\" rel=\"noopener\" target=\"_blank\">Kandidaten Stadtverband FDP R\u00f6dermark<\/a><br \/>\n&raquo; <a href=\"https:\/\/www.umdenken-in-r\u00f6dermark.de\" rel=\"noopener\" target=\"_blank\">Leistungsbilanz Stadtverband FDP R\u00f6dermark<\/a><br \/>\n&nbsp;<br \/>\n#Kommunalwahl<\/p>\n","protected":false},"excerpt":{"rendered":"<p>\ud83d\udca1 Ganze .PDF Datei ansehen. Hier k\u00f6nnen Sie den ganzen Newsletter im .PDF-Format lesen. &nbsp;<\/p>\n","protected":false},"author":1,"featured_media":0,"comment_status":"closed","ping_status":"closed","sticky":false,"template":"","format":"standard","meta":{"footnotes":""},"categories":[2],"tags":[42,44,41,39,40,43,45],"class_list":["post-389","post","type-post","status-publish","format-standard","hentry","category-roedermark","tag-drassennamen","tag-ikea","tag-juergen-resch-strasse","tag-luftreinhaltung","tag-strassennamen","tag-tempolimit","tag-volvo"],"_links":{"self":[{"href":"https:\/\/www.roedermark-examiner.de\/index.php?rest_route=\/wp\/v2\/posts\/389","targetHints":{"allow":["GET"]}}],"collection":[{"href":"https:\/\/www.roedermark-examiner.de\/index.php?rest_route=\/wp\/v2\/posts"}],"about":[{"href":"https:\/\/www.roedermark-examiner.de\/index.php?rest_route=\/wp\/v2\/types\/post"}],"author":[{"embeddable":true,"href":"https:\/\/www.roedermark-examiner.de\/index.php?rest_route=\/wp\/v2\/users\/1"}],"replies":[{"embeddable":true,"href":"https:\/\/www.roedermark-examiner.de\/index.php?rest_route=%2Fwp%2Fv2%2Fcomments&post=389"}],"version-history":[{"count":4,"href":"https:\/\/www.roedermark-examiner.de\/index.php?rest_route=\/wp\/v2\/posts\/389\/revisions"}],"predecessor-version":[{"id":481,"href":"https:\/\/www.roedermark-examiner.de\/index.php?rest_route=\/wp\/v2\/posts\/389\/revisions\/481"}],"wp:attachment":[{"href":"https:\/\/www.roedermark-examiner.de\/index.php?rest_route=%2Fwp%2Fv2%2Fmedia&parent=389"}],"wp:term":[{"taxonomy":"category","embeddable":true,"href":"https:\/\/www.roedermark-examiner.de\/index.php?rest_route=%2Fwp%2Fv2%2Fcategories&post=389"},{"taxonomy":"post_tag","embeddable":true,"href":"https:\/\/www.roedermark-examiner.de\/index.php?rest_route=%2Fwp%2Fv2%2Ftags&post=389"}],"curies":[{"name":"wp","href":"https:\/\/api.w.org\/{rel}","templated":true}]}}